{"id":30,"__str__":"PARECER - PARECER JUR\u00cdDICO de 03/12/2025 por ASSESSORIA JUR\u00cdDICA","link_detail_backend":"/materia/documentoacessorio/30","metadata":{},"nome":"PARECER JUR\u00cdDICO","data":"2025-12-03","autor":"ASSESSORIA JUR\u00cdDICA","ementa":"CONFORME ANEXO","indexacao":"","arquivo":"http://sapl.jaboticatubas.mg.leg.br/media/sapl/public/documentoacessorio/2025/30/parecer_juridico__pl_105_-2025.pdf","data_ultima_atualizacao":"2025-12-03T14:41:22.740459-03:00","materia":113,"tipo":5}