{"id":69,"__str__":"INDICA\u00c7\u00c3O n\u00ba 328 de 2025","link_detail_backend":"/materia/69","metadata":{"signs":{"texto_original":{"admin":[],"autores":[["Wallysson Eder de Almeida",["2025-11-03T13:49:33-03:00","Gov-Br"]]]}}},"numero":328,"ano":2025,"numero_protocolo":null,"data_apresentacao":"2025-11-03","tipo_apresentacao":"E","data_publicacao":null,"numero_origem_externa":"","ano_origem_externa":null,"data_origem_externa":null,"apelido":"","dias_prazo":null,"data_fim_prazo":null,"em_tramitacao":false,"polemica":false,"objeto":"","complementar":false,"ementa":"INDICA\u00c7\u00c3O NO SENTIDO DE PROVIDENCIAR A MANUTEN\u00c7\u00c3O DA ESTRADA QUE D\u00c1 ACESSO \u00c0 FAZENDA DE GERALDO LAFAIETE ESTRADA DAS LAGES PASSANDO PELA PONTE DE MADEIRA SENTIDO AO HARAS.","indexacao":"","observacao":"","resultado":"","texto_original":"http://sapl.jaboticatubas.mg.leg.br/media/sapl/public/materialegislativa/2025/69/indicacao_328_manutencao_estrada_lages_haras_assinado.pdf","data_ultima_atualizacao":"2025-11-06T15:55:04.914509-03:00","ip":"187.72.163.158","ultima_edicao":"2025-11-03T14:51:07.156868-03:00","tipo":10,"regime_tramitacao":1,"tipo_origem_externa":null,"local_origem_externa":null,"user":2,"anexadas":[],"autores":[20]}