{"id":3,"__str__":"OF N\u00ba 157/2025 - OF\u00cdCIO","link_detail_backend":"/docadm/3","metadata":{"signs":{"texto_integral":{"admin":[],"autores":[["Paulo Cesar Azevedo de Almeida",["2025-10-29T15:47:17-03:00","ICP-Brasil"]],["Victor Matthaus Moreira Silva Cunha:993",["2025-10-29T18:06:24-03:00","ICP-Brasil"]]]}}},"numero":157,"complemento":"","ano":2025,"data":"2025-10-29","interessado":"","dias_prazo":null,"data_fim_prazo":null,"tramitacao":false,"assunto":"Requisi\u00e7\u00e3o de informa\u00e7\u00f5es. Implementa\u00e7\u00e3o de cotas raciais no concurso p\u00fablico \u2013 Edital n\u00b0 01/2025, da Prefeitura de Jaboticatubas. Observ\u00e2ncia \u00e0 Conven\u00e7\u00e3o Interamericana contra o Racismo, a Discrimina\u00e7\u00e3o Racial e Formas Correlatas de Intoler\u00e2ncia, com status de Emenda Constitucional. Cumprimento do dever constitucional e dos direitos fundamentais \u00e0 igualdade material e ao enfrentamento \u00e0 discrimina\u00e7\u00e3o por meio de a\u00e7\u00f5es afirmativas.","numero_externo":null,"observacao":"","texto_integral":"http://sapl.jaboticatubas.mg.leg.br/media/sapl/private/documentoadministrativo/3/oficio_0694954_2._oficio___cotas_raciais_concurso_jaboticatubas_1.pdf","restrito":false,"ip":"187.72.163.158","ultima_edicao":"2025-11-05T14:19:33.336806-03:00","tipo":1,"protocolo":null,"autor":null,"user":2,"anexados":[],"materiasvinculadas":[]}